{"id":8363,"date":"2026-04-21T18:31:28","date_gmt":"2026-04-21T17:31:28","guid":{"rendered":"https:\/\/ffw-magstadt.de\/?p=8363"},"modified":"2026-04-21T18:31:50","modified_gmt":"2026-04-21T17:31:50","slug":"einsatzbericht-nr-23-2026-fuehrungsgruppe-sindelfingen","status":"publish","type":"post","link":"https:\/\/ffw-magstadt.de\/?p=8363","title":{"rendered":"Einsatzbericht Nr. 23 \u2013 2026 &#8211; F\u00fchrungsgruppe Sindelfingen"},"content":{"rendered":"<div class=\"entry-content clearfix\">\n<p><strong>Einsatz:<\/strong> F\u00fchrungsgruppe Sindelfingen<\/p>\n<p><strong>Wann: <\/strong>20.04.2026 um 20:47 Uhr<\/p>\n<p><strong>Einsatzgeschehen:<\/strong><\/p>\n<p>Die F\u00fchrungsgruppe des Landkreises wurde zur Unterst\u00fctzung nach Sindelfingen alarmiert, dort wurde ein Feuer in einem Hochhaus gemeldet. Bereits beim Eintreffen der ersten Kr\u00e4fte aus Sindelfingen stellte sich heraus, dass das Feuer weitestgehend aus war und kein Einsatz der F\u00fchrungsgruppe notwendig sei.<\/p>\n<p><strong>Eingesetzte Fahrzeuge:\u00a0 <\/strong><a href=\"http:\/\/ffw-magstadt.de\/?page_id=165\">MTW<\/a><\/p>\n<p><strong>Kr\u00e4fte im Einsatz:<\/strong> 2 Personen<\/p>\n<p><strong>Kr\u00e4fte in Bereitstellung:<\/strong>\u00a0 0 Personen<\/p>\n<hr \/>\n<\/div>\n","protected":false},"excerpt":{"rendered":"<p>Einsatz: F\u00fchrungsgruppe Sindelfingen Wann: 20.04.2026 um 20:47 Uhr Einsatzgeschehen: Die F\u00fchrungsgruppe des Landkreises wurde zur Unterst\u00fctzung nach Sindelfingen alarmiert, dort<\/p>\n","protected":false},"author":2,"featured_media":0,"comment_status":"closed","ping_status":"closed","sticky":false,"template":"","format":"standard","meta":{"ngg_post_thumbnail":0,"_jetpack_memberships_contains_paid_content":false,"footnotes":""},"categories":[3,133],"tags":[],"class_list":["post-8363","post","type-post","status-publish","format-standard","hentry","category-einsaetze","category-einsaetze-2026"],"jetpack_featured_media_url":"","jetpack_sharing_enabled":true,"_links":{"self":[{"href":"https:\/\/ffw-magstadt.de\/index.php?rest_route=\/wp\/v2\/posts\/8363","targetHints":{"allow":["GET"]}}],"collection":[{"href":"https:\/\/ffw-magstadt.de\/index.php?rest_route=\/wp\/v2\/posts"}],"about":[{"href":"https:\/\/ffw-magstadt.de\/index.php?rest_route=\/wp\/v2\/types\/post"}],"author":[{"embeddable":true,"href":"https:\/\/ffw-magstadt.de\/index.php?rest_route=\/wp\/v2\/users\/2"}],"replies":[{"embeddable":true,"href":"https:\/\/ffw-magstadt.de\/index.php?rest_route=%2Fwp%2Fv2%2Fcomments&post=8363"}],"version-history":[{"count":4,"href":"https:\/\/ffw-magstadt.de\/index.php?rest_route=\/wp\/v2\/posts\/8363\/revisions"}],"predecessor-version":[{"id":8368,"href":"https:\/\/ffw-magstadt.de\/index.php?rest_route=\/wp\/v2\/posts\/8363\/revisions\/8368"}],"wp:attachment":[{"href":"https:\/\/ffw-magstadt.de\/index.php?rest_route=%2Fwp%2Fv2%2Fmedia&parent=8363"}],"wp:term":[{"taxonomy":"category","embeddable":true,"href":"https:\/\/ffw-magstadt.de\/index.php?rest_route=%2Fwp%2Fv2%2Fcategories&post=8363"},{"taxonomy":"post_tag","embeddable":true,"href":"https:\/\/ffw-magstadt.de\/index.php?rest_route=%2Fwp%2Fv2%2Ftags&post=8363"}],"curies":[{"name":"wp","href":"https:\/\/api.w.org\/{rel}","templated":true}]}}