{"id":5381,"date":"2023-01-01T20:31:47","date_gmt":"2023-01-01T19:31:47","guid":{"rendered":"https:\/\/ffw-magstadt.de\/?p=5381"},"modified":"2023-01-01T22:25:03","modified_gmt":"2023-01-01T21:25:03","slug":"einsatzbericht-nr-01-2023-fuehrungsgruppe-sindelfingen","status":"publish","type":"post","link":"https:\/\/ffw-magstadt.de\/?p=5381","title":{"rendered":"Einsatzbericht Nr. 01 \u2013 2023 &#8211; F\u00fchrungsgruppe Sindelfingen"},"content":{"rendered":"<div class=\"entry-content clearfix\">\n<p><strong>Einsatz:<\/strong> F\u00fchrungsgruppe Sindelfingen &#8211; Brand im 12. Stock Hochhaus<\/p>\n<p><strong>Wann:\u00a0<\/strong>01.01.2023 um 01:13 Uhr<\/p>\n<p><strong>Einsatzgeschehen:<\/strong><\/p>\n<p>In der Leonberger Stra\u00dfe in Sindelfingen kam es zu einem Balkonbrand im 12. Stock eines Hochhauses. Zur Unterst\u00fctzung der Kr\u00e4fte vor Ort wurde die F\u00fchrungsgruppe des Landkreises B\u00f6blingen ebenfalls alarmiert.<\/p>\n<p><strong>Eingesetzte Fahrzeuge: <\/strong><a href=\"http:\/\/ffw-magstadt.de\/?page_id=165\">MTW<\/a><\/p>\n<p><strong>Kr\u00e4fte im Einsatz:<\/strong> 1 Person<\/p>\n<p><strong>Kr\u00e4fte in Bereitstellung:<\/strong>\u00a0 0 Personen<\/p>\n<hr \/>\n<\/div>\n","protected":false},"excerpt":{"rendered":"<p>Einsatz: F\u00fchrungsgruppe Sindelfingen &#8211; Brand im 12. Stock Hochhaus Wann:\u00a001.01.2023 um 01:13 Uhr Einsatzgeschehen: In der Leonberger Stra\u00dfe in Sindelfingen<\/p>\n","protected":false},"author":1,"featured_media":0,"comment_status":"closed","ping_status":"closed","sticky":false,"template":"","format":"standard","meta":{"ngg_post_thumbnail":0,"_jetpack_memberships_contains_paid_content":false,"footnotes":""},"categories":[3,129],"tags":[],"class_list":["post-5381","post","type-post","status-publish","format-standard","hentry","category-einsaetze","category-einsaetze-2023"],"jetpack_featured_media_url":"","jetpack_sharing_enabled":true,"_links":{"self":[{"href":"https:\/\/ffw-magstadt.de\/index.php?rest_route=\/wp\/v2\/posts\/5381","targetHints":{"allow":["GET"]}}],"collection":[{"href":"https:\/\/ffw-magstadt.de\/index.php?rest_route=\/wp\/v2\/posts"}],"about":[{"href":"https:\/\/ffw-magstadt.de\/index.php?rest_route=\/wp\/v2\/types\/post"}],"author":[{"embeddable":true,"href":"https:\/\/ffw-magstadt.de\/index.php?rest_route=\/wp\/v2\/users\/1"}],"replies":[{"embeddable":true,"href":"https:\/\/ffw-magstadt.de\/index.php?rest_route=%2Fwp%2Fv2%2Fcomments&post=5381"}],"version-history":[{"count":4,"href":"https:\/\/ffw-magstadt.de\/index.php?rest_route=\/wp\/v2\/posts\/5381\/revisions"}],"predecessor-version":[{"id":5393,"href":"https:\/\/ffw-magstadt.de\/index.php?rest_route=\/wp\/v2\/posts\/5381\/revisions\/5393"}],"wp:attachment":[{"href":"https:\/\/ffw-magstadt.de\/index.php?rest_route=%2Fwp%2Fv2%2Fmedia&parent=5381"}],"wp:term":[{"taxonomy":"category","embeddable":true,"href":"https:\/\/ffw-magstadt.de\/index.php?rest_route=%2Fwp%2Fv2%2Fcategories&post=5381"},{"taxonomy":"post_tag","embeddable":true,"href":"https:\/\/ffw-magstadt.de\/index.php?rest_route=%2Fwp%2Fv2%2Ftags&post=5381"}],"curies":[{"name":"wp","href":"https:\/\/api.w.org\/{rel}","templated":true}]}}