{"id":256,"date":"2017-12-12T09:48:09","date_gmt":"2017-12-12T09:48:09","guid":{"rendered":"http:\/\/wp11182740.server-he.de\/wordpress\/?p=256"},"modified":"2017-12-13T15:54:03","modified_gmt":"2017-12-13T15:54:03","slug":"adventszeit","status":"publish","type":"post","link":"https:\/\/ffw-magstadt.de\/?p=256","title":{"rendered":"Adventszeit"},"content":{"rendered":"<p>Mit Beginn der Adventszeit raten wir Ihnen zu besonderer Aufmerksamkeit im Umgang mit Kerzen und Adventskr\u00e4nzen. Wir bitten Sie um Beachtung folgender Tipps:<\/p>\n<ul>\n<li>Verwenden Sie keine trockenen Adventskr\u00e4nze.<\/li>\n<li>Stellen Sie den Kranz oder das Gesteck auf eine feuerfeste Unterlage und verwenden Sie nur Kerzenhalter aus feuerfestem Material.<\/li>\n<li>Wechseln Sie abgebrannte Kerzen rechtzeitig aus.<\/li>\n<li>Lassen Sie brennende Kerzen nie unbeaufsichtigt, auch beim kurzfristigen Verlassen des Zimmers.<\/li>\n<li>Entz\u00fcden Sie Kerzen nie in der N\u00e4he von Vorh\u00e4ngen oder anderen brennbaren Materialien.<\/li>\n<li>Bewahren Sie Streichh\u00f6lzer und Feuerzeuge an einem vor Kinder sicheren Ort auf.<\/li>\n<li>Kinder sollten nur unter Anleitung von Erwachsenen mit Streichholz oder Feuerzeug umgehen.<\/li>\n<\/ul>\n<p>&nbsp;<\/p>\n","protected":false},"excerpt":{"rendered":"<p>Mit Beginn der Adventszeit raten wir Ihnen zu besonderer Aufmerksamkeit im Umgang mit Kerzen und Adventskr\u00e4nzen. Wir bitten Sie um<\/p>\n","protected":false},"author":1,"featured_media":0,"comment_status":"closed","ping_status":"closed","sticky":false,"template":"","format":"standard","meta":{"ngg_post_thumbnail":0,"_jetpack_memberships_contains_paid_content":false,"footnotes":""},"categories":[9,10],"tags":[29,21,25],"class_list":["post-256","post","type-post","status-publish","format-standard","hentry","category-buergerinfo","category-vorbeugender-brandschutz","tag-adventszeit","tag-buergerinfo","tag-vorbeugender-brandschutz"],"jetpack_featured_media_url":"","jetpack_sharing_enabled":true,"_links":{"self":[{"href":"https:\/\/ffw-magstadt.de\/index.php?rest_route=\/wp\/v2\/posts\/256","targetHints":{"allow":["GET"]}}],"collection":[{"href":"https:\/\/ffw-magstadt.de\/index.php?rest_route=\/wp\/v2\/posts"}],"about":[{"href":"https:\/\/ffw-magstadt.de\/index.php?rest_route=\/wp\/v2\/types\/post"}],"author":[{"embeddable":true,"href":"https:\/\/ffw-magstadt.de\/index.php?rest_route=\/wp\/v2\/users\/1"}],"replies":[{"embeddable":true,"href":"https:\/\/ffw-magstadt.de\/index.php?rest_route=%2Fwp%2Fv2%2Fcomments&post=256"}],"version-history":[{"count":1,"href":"https:\/\/ffw-magstadt.de\/index.php?rest_route=\/wp\/v2\/posts\/256\/revisions"}],"predecessor-version":[{"id":257,"href":"https:\/\/ffw-magstadt.de\/index.php?rest_route=\/wp\/v2\/posts\/256\/revisions\/257"}],"wp:attachment":[{"href":"https:\/\/ffw-magstadt.de\/index.php?rest_route=%2Fwp%2Fv2%2Fmedia&parent=256"}],"wp:term":[{"taxonomy":"category","embeddable":true,"href":"https:\/\/ffw-magstadt.de\/index.php?rest_route=%2Fwp%2Fv2%2Fcategories&post=256"},{"taxonomy":"post_tag","embeddable":true,"href":"https:\/\/ffw-magstadt.de\/index.php?rest_route=%2Fwp%2Fv2%2Ftags&post=256"}],"curies":[{"name":"wp","href":"https:\/\/api.w.org\/{rel}","templated":true}]}}